{"id":2152,"date":"2024-10-31T16:09:25","date_gmt":"2024-10-31T16:09:25","guid":{"rendered":"https:\/\/icich.icomos.org\/?p=2152"},"modified":"2024-10-31T16:09:25","modified_gmt":"2024-10-31T16:09:25","slug":"charter-on-philosophical-thought-in-cultural-heritage-published","status":"publish","type":"post","link":"https:\/\/icich.icomos.org\/index.php\/charter-on-philosophical-thought-in-cultural-heritage-published\/","title":{"rendered":"Charter on Philosophical Thought in Cultural &#8220;Heritage&#8221; published"},"content":{"rendered":"<p>The letter on Philosophical Thought in Cultural \u201cHeritage\u201d is the product of dialogue and reflection between academics and indigenous peoples Deca, Molino, Juchit\u00e1n (H\u00f1ah\u00f1u), San Mateo de Mar (Ikoots), Chinantla (Mixteca Poblana), Pinotepa Nacional (\u00d1usavi), Nunkin\u00ed, Campeche (Maya), Acatepec, Malinaltepec (M\u00e8&#8217;ph\u00e0\u00e0) and Ayotitl\u00e1n, Jalisco (Nahua), as part of the research project \u201cStudy of the philosophy of how native peoples inhabit their territory. Cultural landscape, vernacular, and biocultural knowledge\u201d, CF-2019\/51229, funded by CONAHCYT, and developed by the following institutions: Universidad Aut\u00f3noma de Yucat\u00e1n, Universidad Nacional Aut\u00f3noma de M\u00e9xico, Universidad Aut\u00f3noma Metropolitana, Instituto Nacional de Antropolog\u00eda e Historia, Cooperaci\u00f3n Comunitaria, Escuela Nacional de Antropolog\u00eda e Historia and the Universidad de Guanajuato.<\/p>\r\n<p><a href=\"https:\/\/icich.icomos.org\/wp-content\/uploads\/2024\/10\/Charter-on-Philosophical-Thought-in-Cultural-Heritage.pdf\">Charter on Philosophical Thought in Cultural \u201cHeritage\u201d<\/a><\/p>\r\n<p>La carta sobre el Pensamiento Filos\u00f3fico en el \u201cPatrimonio\u201d Cultural es producto del di\u00e1logo y la reflexi\u00f3n entre acad\u00e9micas, acad\u00e9micos y pueblos originarios Cardonal y Tasquillo (H\u00f1\u00e4h\u00f1u), San Mateo de Mar (Ikoots), Chinantla (Mixteca Poblana), Pinotepa Nacional (\u00d1usavi), Nunkin\u00ed, Campeche (Maya), Acatepec, Malinaltepec (M\u00e8\u2019ph\u00e0\u00e0) y Ayotitl\u00e1n, Jalisco (Nahua), como parte del proyecto de investigaci\u00f3n \u201cEstudio de la filosof\u00eda de los pueblos originarios para habitar el territorio. Paisaje cultural, saberes vernaculares y bioculturales\u201d, con clave CF-2019\/51229, financiado por el CONAHCYT, el cual fue desarrollado por las siguientes instituciones: Universidad Aut\u00f3noma de Yucat\u00e1n, Universidad Nacional Aut\u00f3noma de M\u00e9xico, Universidad Aut\u00f3noma Metropolitana, Instituto Nacional de Antropolog\u00eda e Historia, Cooperaci\u00f3n Comunitaria, Escuela Nacional de Antropolog\u00eda e Historia y la Universidad de Guanajuato.<\/p>\r\n<p><a href=\"https:\/\/icich.icomos.org\/wp-content\/uploads\/2024\/10\/Carta_Pensamiento_en_el_Patrimonio.pdf\">Carta_Pensamiento_en_el_Patrimonio<\/a><\/p>","protected":false},"excerpt":{"rendered":"<p>The letter on Philosophical Thought in Cultural \u201cHeritage\u201d is the product of dialogue and reflection between academics and indigenous peoples Deca, Molino, Juchit\u00e1n (H\u00f1ah\u00f1u), San Mateo de Mar (Ikoots), Chinantla (Mixteca Poblana), Pinotepa Nacional (\u00d1usavi), Nunkin\u00ed, Campeche (Maya), Acatepec, Malinaltepec (M\u00e8&#8217;ph\u00e0\u00e0) and Ayotitl\u00e1n, Jalisco (Nahua), as part of the research project \u201cStudy of the philosophy [&hellip;]<\/p>\n","protected":false},"author":3,"featured_media":0,"comment_status":"closed","ping_status":"closed","sticky":false,"template":"","format":"standard","meta":{"footnotes":""},"categories":[4],"tags":[71,175],"class_list":["post-2152","post","type-post","status-publish","format-standard","hentry","category-news","tag-indigenous","tag-philosophy"],"rttpg_featured_image_url":null,"rttpg_author":{"display_name":"Angela Labrador","author_link":"https:\/\/icich.icomos.org\/index.php\/author\/alabra\/"},"rttpg_comment":0,"rttpg_category":"<a href=\"https:\/\/icich.icomos.org\/index.php\/category\/news\/\" rel=\"category tag\">News<\/a>","rttpg_excerpt":"The letter on Philosophical Thought in Cultural \u201cHeritage\u201d is the product of dialogue and reflection between academics and indigenous peoples Deca, Molino, Juchit\u00e1n (H\u00f1ah\u00f1u), San Mateo de Mar (Ikoots), Chinantla (Mixteca Poblana), Pinotepa Nacional (\u00d1usavi), Nunkin\u00ed, Campeche (Maya), Acatepec, Malinaltepec (M\u00e8&#8217;ph\u00e0\u00e0) and Ayotitl\u00e1n, Jalisco (Nahua), as part of the research project \u201cStudy of the philosophy&hellip;","_links":{"self":[{"href":"https:\/\/icich.icomos.org\/index.php\/wp-json\/wp\/v2\/posts\/2152","targetHints":{"allow":["GET"]}}],"collection":[{"href":"https:\/\/icich.icomos.org\/index.php\/wp-json\/wp\/v2\/posts"}],"about":[{"href":"https:\/\/icich.icomos.org\/index.php\/wp-json\/wp\/v2\/types\/post"}],"author":[{"embeddable":true,"href":"https:\/\/icich.icomos.org\/index.php\/wp-json\/wp\/v2\/users\/3"}],"replies":[{"embeddable":true,"href":"https:\/\/icich.icomos.org\/index.php\/wp-json\/wp\/v2\/comments?post=2152"}],"version-history":[{"count":1,"href":"https:\/\/icich.icomos.org\/index.php\/wp-json\/wp\/v2\/posts\/2152\/revisions"}],"predecessor-version":[{"id":2153,"href":"https:\/\/icich.icomos.org\/index.php\/wp-json\/wp\/v2\/posts\/2152\/revisions\/2153"}],"wp:attachment":[{"href":"https:\/\/icich.icomos.org\/index.php\/wp-json\/wp\/v2\/media?parent=2152"}],"wp:term":[{"taxonomy":"category","embeddable":true,"href":"https:\/\/icich.icomos.org\/index.php\/wp-json\/wp\/v2\/categories?post=2152"},{"taxonomy":"post_tag","embeddable":true,"href":"https:\/\/icich.icomos.org\/index.php\/wp-json\/wp\/v2\/tags?post=2152"}],"curies":[{"name":"wp","href":"https:\/\/api.w.org\/{rel}","templated":true}]}}